{"id":965,"date":"2023-01-01T19:02:01","date_gmt":"2023-01-01T18:02:01","guid":{"rendered":"https:\/\/www.mestskytrhik.sk\/cms\/?p=965"},"modified":"2023-02-01T20:54:51","modified_gmt":"2023-02-01T19:54:51","slug":"mydielka-od-domky","status":"publish","type":"post","link":"https:\/\/www.mestskytrhik.sk\/cms\/mydielka-od-domky\/","title":{"rendered":"Mydielka od Domky lok\u00e1lny tvorca"},"content":{"rendered":"\n<h2 class=\"alignwide has-text-align-center has-subtle-background-color has-text-color wp-block-heading\">Lok\u00e1lny tvorca &#8211; predstavenie zna\u010dky <\/h2>\n\n\n\n<h2 class=\"alignwide has-text-align-center has-subtle-background-color has-text-color wp-block-heading\">z Nov\u00e9ho Mesta nad V\u00e1hom<\/h2>\n\n\n\n<p class=\"has-subtle-background-background-color has-background\"><em><strong>1. Ak\u00fd je pr\u00edbeh va\u0161ej zna\u010dky?&nbsp;<\/strong><\/em><\/p>\n\n\n\n<p>V&nbsp;roku 2018 som vyrobila svoje prv\u00e9 mydielko. Znie mi to teraz priam neuverite\u013ene, \u017ee u\u017e \u0161tyri roky sa venujem svojmu vo\u0148av\u00e9ho biznisu, ktor\u00fd je pre m\u0148a z\u00e1rove\u0148 kon\u00ed\u010dkom. \u00daplne prv\u00e1 my\u0161lienka o&nbsp;v\u00fdrobe mydielok a&nbsp;tie\u017e prv\u00fd v\u00fdrobok sa sp\u00e1jaj\u00fa s&nbsp;jedn\u00fdm z&nbsp;najkraj\u0161\u00edch dn\u00ed v&nbsp;mojom \u017eivote \u2013 s&nbsp;vlastnou svadbou. Rozm\u00fd\u0161\u013eala som, ako pote\u0161i\u0165 svadob\u010danov a&nbsp;ako si vyzdobi\u0165 svadobn\u00fd st\u00f4l. Napadlo mi vyrobi\u0165 vo\u0148av\u00e9 mydielka s&nbsp;menami a&nbsp;svadobnou tematikou. Mydielka zo\u017eali ve\u013ek\u00fd \u00faspech, \u010do vo mne vzbudilo t\u00fa\u017ebu zlep\u0161ova\u0165 sa a&nbsp;vym\u00fd\u0161\u013ea\u0165 nov\u00e9 v\u00f4ne, tvary, formy a&nbsp;farby mydielok. Okrem toho postupne som za\u010dala viac a&nbsp;viac experimentova\u0165, mydlov\u00e9 hmoty som mixovala \u010di prid\u00e1vala perlete.&nbsp;<\/p>\n\n\n\n<p class=\"has-subtle-background-background-color has-background\"><em><strong>2. Va\u0161a snaha o&nbsp;zlep\u0161enie mala v\u00fdsledky?&nbsp;<\/strong><\/em><\/p>\n\n\n\n<p>Mus\u00edm sa prizna\u0165, \u017ee som ani ned\u00fafala v&nbsp;tak\u00fd \u00faspech mojich mydielok. Moment\u00e1lne m\u00f4\u017eem poveda\u0165, \u017ee m\u00e1m st\u00e1lych z\u00e1kazn\u00edkov a&nbsp;nov\u00ed prib\u00fadaj\u00fa. Dokonca \u013eudia spozn\u00e1vaj\u00fa moje logo \u2013 Mydielka od Domky. Do ka\u017ed\u00e9ho mydielka d\u00e1vam kus seba &#8211; kus Dominiky. Preto ver\u00edm, \u017ee m\u00f4j mali\u010dk\u00fd mydielkov\u00fd sen sa e\u0161te viac rozrastie.&nbsp;<\/p>\n\n\n\n<figure class=\"wp-block-image size-large\"><img loading=\"lazy\" decoding=\"async\" width=\"1024\" height=\"683\" src=\"https:\/\/www.mestskytrhik.sk\/cms\/wp-content\/uploads\/2023\/01\/trhik-20-1024x683.jpg\" alt=\"\" class=\"wp-image-966\" srcset=\"https:\/\/www.mestskytrhik.sk\/cms\/wp-content\/uploads\/2023\/01\/trhik-20-1024x683.jpg 1024w, https:\/\/www.mestskytrhik.sk\/cms\/wp-content\/uploads\/2023\/01\/trhik-20-300x200.jpg 300w, https:\/\/www.mestskytrhik.sk\/cms\/wp-content\/uploads\/2023\/01\/trhik-20-768x512.jpg 768w, https:\/\/www.mestskytrhik.sk\/cms\/wp-content\/uploads\/2023\/01\/trhik-20-1536x1024.jpg 1536w, https:\/\/www.mestskytrhik.sk\/cms\/wp-content\/uploads\/2023\/01\/trhik-20-2048x1365.jpg 2048w, https:\/\/www.mestskytrhik.sk\/cms\/wp-content\/uploads\/2023\/01\/trhik-20-1200x800.jpg 1200w, https:\/\/www.mestskytrhik.sk\/cms\/wp-content\/uploads\/2023\/01\/trhik-20-1980x1320.jpg 1980w\" sizes=\"auto, (max-width: 1024px) 100vw, 1024px\" \/><\/figure>\n\n\n\n<blockquote class=\"wp-block-quote is-layout-flow wp-block-quote-is-layout-flow\">\n<p><\/p>\n<cite>Dekor\u00e1cie z mydlovej hmoty.<\/cite><\/blockquote>\n\n\n\n<p class=\"has-subtle-background-background-color has-background\"><em><strong>3. Ru\u010dn\u00e1 pr\u00e1ca je iste \u010dasovo n\u00e1ro\u010dn\u00e1. Ako dlho pracujete na jednej objedn\u00e1vke?<\/strong><\/em><\/p>\n\n\n\n<p>M\u00e1m dve l\u00e1sky \u2013 svoju rodiny a&nbsp;v\u00fdrobu mydielok. Niekedy mi ani nepr\u00edde, \u017ee vlastne pracujem, preto\u017ee sa do v\u00fdroby \u00faplne ponor\u00edm a&nbsp;zrazu zist\u00edm, \u017ee je ve\u010der. Len \u0165a\u017eko dok\u00e1\u017eem vy\u010d\u00edsli\u0165, ko\u013eko \u010dasu venujem jednej objedn\u00e1vke. V\u0161etko z\u00e1vis\u00ed do zadanie, od tvaru mydielok, \u0161peci\u00e1lnych po\u017eiadaviek a&nbsp;mno\u017estva. Niektor\u00e9 produkty vyr\u00e1bam p\u00e1r hod\u00edn a&nbsp;in\u00fdm mus\u00edm venova\u0165 skuto\u010dne nieko\u013eko dn\u00ed. V&nbsp;lete sa mi pracuje hor\u0161ie, ke\u010f\u017ee vysok\u00e1 teplota mydielkam nesved\u010d\u00ed a&nbsp;hmota tuhne ve\u013emi pomaly.&nbsp;<\/p>\n\n\n\n<p class=\"has-subtle-background-background-color has-background\"><em><strong>4. \u010co alebo kto v\u00e1s pri pr\u00e1ci in\u0161piruje?<\/strong><\/em><\/p>\n\n\n\n<p>Prakticky v\u0161etko okolo m\u0148a je ve\u013ekou in\u0161pir\u00e1ciou pre tvorbu. Chod\u00edm s&nbsp;otvoren\u00fdmi o\u010dami a&nbsp;n\u00e1pad pr\u00edde s\u00e1m od seba. Pred v\u00fdrobou mydielok mi pom\u00e1ha i&nbsp;to, ke\u010f klient definuje svoje predstavy. Ja ich vlastne len premen\u00edm do mydielok a&nbsp;dopln\u00edm zop\u00e1r svojich n\u00e1padov.&nbsp;<\/p>\n\n\n\n<h2 class=\"has-text-align-left has-subtle-background-color has-text-color wp-block-heading\">V\u0161etko okolo m\u0148a je in\u0161pir\u00e1ciou.<\/h2>\n\n\n\n<p class=\"has-subtle-background-background-color has-background\"><em><strong>5. Handmade je \u010dasto o&nbsp;ekol\u00f3gii. Prihliadate pri v\u00fdrobe aj na tento aspekt?<\/strong><\/em><\/p>\n\n\n\n<p>Samozrejme, \u017ee pri v\u00fdrobe mydielok odpad vznik\u00e1, ale ja sa ho sna\u017e\u00edm minimalizova\u0165. Av\u0161ak \u010do zostane to separujem a&nbsp;z\u00e1rove\u0148 vyu\u017e\u00edvam odpad vyprodukovan\u00fd pri inej v\u00fdrobe. Napr\u00edklad si beriem odpadov\u00fd materi\u00e1l &#8211; d\u00fdhov\u00e9 v\u00fdrezy (hviezdi\u010dky, srdie\u010dka&#8230;), ktor\u00e9 pou\u017e\u00edvam ako dekor\u00e1cie. Pre nich s\u00fa dreven\u00e9 piliny, drvina \u010di hobliny odpadom a&nbsp;pre m\u0148a pokladom. Drevo rada vyu\u017e\u00edvam. Je to pr\u00edrodn\u00fd materi\u00e1l, ktor\u00fd s&nbsp;mojimi mydielkami vytv\u00e1ra n\u00e1dhern\u00fd s\u00falad. Som z\u00e1stanky\u0148ou ekologick\u00e9ho pr\u00edstupu a&nbsp;\u017eivotn\u00e9 prostredie mi nie je \u013eahostajn\u00e9.&nbsp;<\/p>\n\n\n\n<p class=\"has-subtle-background-background-color has-background\"><em><strong>6. Ktor\u00e9 produkty s\u00fa u&nbsp;va\u0161ich z\u00e1kazn\u00edkov najviac \u017eiadan\u00e9?<\/strong><\/em><\/p>\n\n\n\n<p>Ve\u013ea z\u00e1vis\u00ed od sez\u00f3ny. Moment\u00e1lne ob\u013eubuj\u00fa viano\u010dn\u00e9 mydielka s&nbsp;pr\u00edrodn\u00fdmi dekor\u00e1ciami a&nbsp;v\u00f4\u0148ami. Na Valent\u00edna vyr\u00e1bam srdie\u010dka so slad\u0161\u00edmi v\u00f4\u0148ami. A&nbsp;po cel\u00fd rok tvor\u00edm mydielka v&nbsp;tvare holubi\u010diek, mydielka s&nbsp;detsk\u00fdmi mot\u00edvmi, mandala mydielka s&nbsp;ovsen\u00fdmi vlo\u010dkami a&nbsp;bambuck\u00fdm maslom, takmer v\u0161etci z\u00e1kazn\u00edci miluj\u00fa v\u00f4\u0148u levandule. Mydielka nie s\u00fa len skvel\u00fdm dar\u010dekom rodine, zn\u00e1mym, kolegom. Daj\u00fa sa vyu\u017ei\u0165 ako dekor\u00e1cia alebo reklamn\u00fd predmet, ktor\u00fd darujem klientom. Viem sa naozaj prisp\u00f4sobi\u0165 ka\u017edej predstave z\u00e1kazn\u00edka.<\/p>\n\n\n\n<figure class=\"wp-block-image size-large is-resized is-style-rounded\"><img loading=\"lazy\" decoding=\"async\" src=\"https:\/\/www.mestskytrhik.sk\/cms\/wp-content\/uploads\/2023\/01\/Mydielka-od-Domky-1-683x1024.jpeg\" alt=\"Mydielka od Domky Mestsk\u00fd trh\u00edk 2022\" class=\"wp-image-1151\" width=\"607\" height=\"911\" srcset=\"https:\/\/www.mestskytrhik.sk\/cms\/wp-content\/uploads\/2023\/01\/Mydielka-od-Domky-1-683x1024.jpeg 683w, https:\/\/www.mestskytrhik.sk\/cms\/wp-content\/uploads\/2023\/01\/Mydielka-od-Domky-1-200x300.jpeg 200w, https:\/\/www.mestskytrhik.sk\/cms\/wp-content\/uploads\/2023\/01\/Mydielka-od-Domky-1-768x1152.jpeg 768w, https:\/\/www.mestskytrhik.sk\/cms\/wp-content\/uploads\/2023\/01\/Mydielka-od-Domky-1-1024x1536.jpeg 1024w, https:\/\/www.mestskytrhik.sk\/cms\/wp-content\/uploads\/2023\/01\/Mydielka-od-Domky-1-1365x2048.jpeg 1365w, https:\/\/www.mestskytrhik.sk\/cms\/wp-content\/uploads\/2023\/01\/Mydielka-od-Domky-1-1200x1800.jpeg 1200w, https:\/\/www.mestskytrhik.sk\/cms\/wp-content\/uploads\/2023\/01\/Mydielka-od-Domky-1-1980x2970.jpeg 1980w, https:\/\/www.mestskytrhik.sk\/cms\/wp-content\/uploads\/2023\/01\/Mydielka-od-Domky-1-scaled.jpeg 1707w\" sizes=\"auto, (max-width: 607px) 100vw, 607px\" \/><figcaption class=\"wp-element-caption\">FOTO: Mi\u0161o G\u00e1bor<\/figcaption><\/figure>\n\n\n\n<p class=\"has-subtle-background-background-color has-background\"><em><strong>7. Kde je mo\u017en\u00e9 k\u00fapi\u0165 alebo si prezrie\u0165 va\u0161e v\u00fdrobky?&nbsp;<\/strong><\/em><\/p>\n\n\n\n<p>P\u00f4sob\u00edm hlavne na soci\u00e1lnych sie\u0165ach, a&nbsp;to konkr\u00e9tne na Facebooku a Instagrame ako Mydielka od Domky. Na mojom profile si z\u00e1ujemci m\u00f4\u017eu v\u00fdrobky nielen prezrie\u0165, ale tie\u017e mi nap\u00edsa\u0165 a&nbsp;dohodn\u00fa\u0165 sa na objedn\u00e1vke. Ve\u013emi rada sa z\u00fa\u010dast\u0148ujem r\u00f4znych podujat\u00ed a&nbsp;trhov, kde sa m\u00f4\u017eem stretn\u00fa\u0165 so z\u00e1kazn\u00edkmi osobne.&nbsp;<\/p>\n\n\n\n<p class=\"has-subtle-background-background-color has-background\"><em><strong>8. M\u00e1te do bud\u00facna \u0161peci\u00e1lne pl\u00e1ny a&nbsp;t\u00fa\u017eby?<\/strong><\/em><\/p>\n\n\n\n<p>Tvorba ma ve\u013emi bav\u00ed. Kreat\u00edvna pr\u00e1ca je ka\u017ed\u00fd de\u0148 in\u00e1, nikdy sa nenud\u00edm. Av\u0161ak mojou t\u00fa\u017ebou je vytv\u00e1ra\u0165 nov\u00e9 \u0161t\u00fdly, experimentova\u0165 a&nbsp;pote\u0161i\u0165 ka\u017ed\u00e9ho, kto si moje v\u00fdtvory k\u00fapi. Samozrejme, \u017ee Mydielka od Domky nie s\u00fa len na okrasu, a&nbsp;preto chcem, aby boli hlavne \u00fa\u010delov\u00e9 &#8211; aby sa s nimi dobre um\u00fdvali ruky.<\/p>\n\n\n\n<figure class=\"wp-block-image size-large is-resized\"><img loading=\"lazy\" decoding=\"async\" src=\"https:\/\/www.mestskytrhik.sk\/cms\/wp-content\/uploads\/2023\/01\/Mydielka-od-Domky-683x1024.jpg\" alt=\"\" class=\"wp-image-1153\" width=\"610\" height=\"914\" srcset=\"https:\/\/www.mestskytrhik.sk\/cms\/wp-content\/uploads\/2023\/01\/Mydielka-od-Domky-683x1024.jpg 683w, https:\/\/www.mestskytrhik.sk\/cms\/wp-content\/uploads\/2023\/01\/Mydielka-od-Domky-200x300.jpg 200w, https:\/\/www.mestskytrhik.sk\/cms\/wp-content\/uploads\/2023\/01\/Mydielka-od-Domky-768x1152.jpg 768w, https:\/\/www.mestskytrhik.sk\/cms\/wp-content\/uploads\/2023\/01\/Mydielka-od-Domky-1024x1536.jpg 1024w, https:\/\/www.mestskytrhik.sk\/cms\/wp-content\/uploads\/2023\/01\/Mydielka-od-Domky-1365x2048.jpg 1365w, https:\/\/www.mestskytrhik.sk\/cms\/wp-content\/uploads\/2023\/01\/Mydielka-od-Domky-1200x1800.jpg 1200w, https:\/\/www.mestskytrhik.sk\/cms\/wp-content\/uploads\/2023\/01\/Mydielka-od-Domky-1980x2970.jpg 1980w, https:\/\/www.mestskytrhik.sk\/cms\/wp-content\/uploads\/2023\/01\/Mydielka-od-Domky-scaled.jpg 1707w\" sizes=\"auto, (max-width: 610px) 100vw, 610px\" \/><figcaption class=\"wp-element-caption\">FOTO: Mi\u0161o G\u00e1bor<\/figcaption><\/figure>\n\n\n\n<h2 class=\"has-secondary-color has-text-color wp-block-heading\">Viac z tvorby Mydielka od Domky:<\/h2>\n\n\n\n<div class=\"wp-block-columns is-layout-flex wp-container-core-columns-is-layout-9d6595d7 wp-block-columns-is-layout-flex\">\n<div class=\"wp-block-column is-layout-flow wp-block-column-is-layout-flow\">\n<figure class=\"wp-block-image size-thumbnail\"><a href=\"https:\/\/www.facebook.com\/Mydielna\"><img loading=\"lazy\" decoding=\"async\" width=\"150\" height=\"150\" src=\"https:\/\/www.mestskytrhik.sk\/cms\/wp-content\/uploads\/2022\/10\/A68A93B0-7AE2-4B46-AB8A-C03FF3BC6DA7-150x150.jpeg\" alt=\"Mydielka do Domky\" class=\"wp-image-675\"\/><\/a><figcaption class=\"wp-element-caption\">Facebook<\/figcaption><\/figure>\n<\/div>\n\n\n\n<div class=\"wp-block-column is-layout-flow wp-block-column-is-layout-flow\">\n<figure class=\"wp-block-image size-thumbnail\"><a href=\"https:\/\/www.instagram.com\/mydielkaoddomky\/\"><img loading=\"lazy\" decoding=\"async\" width=\"150\" height=\"150\" src=\"https:\/\/www.mestskytrhik.sk\/cms\/wp-content\/uploads\/2022\/10\/A68A93B0-7AE2-4B46-AB8A-C03FF3BC6DA7-150x150.jpeg\" alt=\"Mydielka do Domky\" class=\"wp-image-675\"\/><\/a><figcaption class=\"wp-element-caption\">Instagram<\/figcaption><\/figure>\n<\/div>\n<\/div>\n","protected":false},"excerpt":{"rendered":"<p>Predstavenie lok\u00e1lneho tvorcu, ktor\u00fd sa z\u00fa\u010dastnil podujatia Mestsk\u00fd trh\u00edk.<\/p>\n","protected":false},"author":1,"featured_media":675,"comment_status":"closed","ping_status":"closed","sticky":false,"template":"","format":"standard","meta":{"_uag_custom_page_level_css":"","_monsterinsights_skip_tracking":false,"_monsterinsights_sitenote_active":false,"_monsterinsights_sitenote_note":"","_monsterinsights_sitenote_category":0,"ngg_post_thumbnail":51,"footnotes":""},"categories":[6],"tags":[17,16,8,14,15,13],"class_list":["post-965","post","type-post","status-publish","format-standard","has-post-thumbnail","hentry","category-viac-o-trhiku","tag-komunita","tag-lokalny-tvorca","tag-mestsky-trhik","tag-mydielka-od-domky","tag-nmnv","tag-tvorca"],"yoast_head":"<!-- This site is optimized with the Yoast SEO plugin v27.5 - https:\/\/yoast.com\/product\/yoast-seo-wordpress\/ -->\n<title>Mydielka od Domky lok\u00e1lny tvorca - Mestsk\u00fd trh\u00edk<\/title>\n<meta name=\"description\" content=\"Zauj\u00edmav\u00e9 inform\u00e1cie zo z\u00e1kulisia tvorby Mestsk\u00e9ho trh\u00edku v Novom Meste nad V\u00e1hom, predstavenie \u00fa\u010dastn\u00edka Mydielka od Domky.\" \/>\n<meta name=\"robots\" content=\"index, follow, max-snippet:-1, max-image-preview:large, max-video-preview:-1\" \/>\n<link rel=\"canonical\" href=\"https:\/\/www.mestskytrhik.sk\/cms\/mydielka-od-domky\/\" \/>\n<meta property=\"og:locale\" content=\"sk_SK\" \/>\n<meta property=\"og:type\" content=\"article\" \/>\n<meta property=\"og:title\" content=\"Mydielka od Domky lok\u00e1lny tvorca - Mestsk\u00fd trh\u00edk\" \/>\n<meta property=\"og:description\" content=\"Ru\u010dne vyr\u00e1ban\u00e9 mydielka na r\u00f4zne pr\u00edle\u017eitosti.\" \/>\n<meta property=\"og:url\" content=\"https:\/\/www.mestskytrhik.sk\/cms\/mydielka-od-domky\/\" \/>\n<meta property=\"og:site_name\" content=\"Mestsk\u00fd trh\u00edk\" \/>\n<meta property=\"article:publisher\" content=\"https:\/\/www.facebook.com\/mestskytrhik\" \/>\n<meta property=\"article:published_time\" content=\"2023-01-01T18:02:01+00:00\" \/>\n<meta property=\"article:modified_time\" content=\"2023-02-01T19:54:51+00:00\" \/>\n<meta property=\"og:image\" content=\"https:\/\/www.mestskytrhik.sk\/cms\/wp-content\/uploads\/2022\/10\/A68A93B0-7AE2-4B46-AB8A-C03FF3BC6DA7.jpeg\" \/>\n\t<meta property=\"og:image:width\" content=\"1080\" \/>\n\t<meta property=\"og:image:height\" content=\"684\" \/>\n\t<meta property=\"og:image:type\" content=\"image\/jpeg\" \/>\n<meta name=\"author\" content=\"Organiz\u00e1tor\" \/>\n<meta name=\"twitter:card\" content=\"summary_large_image\" \/>\n<meta name=\"twitter:label1\" content=\"Autor\" \/>\n\t<meta name=\"twitter:data1\" content=\"Organiz\u00e1tor\" \/>\n\t<meta name=\"twitter:label2\" content=\"Predpokladan\u00fd \u010das \u010d\u00edtania\" \/>\n\t<meta name=\"twitter:data2\" content=\"5 min\u00fat\" \/>\n<script type=\"application\/ld+json\" class=\"yoast-schema-graph\">{\"@context\":\"https:\\\/\\\/schema.org\",\"@graph\":[{\"@type\":\"Article\",\"@id\":\"https:\\\/\\\/www.mestskytrhik.sk\\\/cms\\\/mydielka-od-domky\\\/#article\",\"isPartOf\":{\"@id\":\"https:\\\/\\\/www.mestskytrhik.sk\\\/cms\\\/mydielka-od-domky\\\/\"},\"author\":{\"name\":\"Organiz\u00e1tor\",\"@id\":\"https:\\\/\\\/www.mestskytrhik.sk\\\/cms\\\/#\\\/schema\\\/person\\\/2b65c26fc9872ac120727069a7e2f164\"},\"headline\":\"Mydielka od Domky lok\u00e1lny tvorca\",\"datePublished\":\"2023-01-01T18:02:01+00:00\",\"dateModified\":\"2023-02-01T19:54:51+00:00\",\"mainEntityOfPage\":{\"@id\":\"https:\\\/\\\/www.mestskytrhik.sk\\\/cms\\\/mydielka-od-domky\\\/\"},\"wordCount\":911,\"publisher\":{\"@id\":\"https:\\\/\\\/www.mestskytrhik.sk\\\/cms\\\/#organization\"},\"image\":{\"@id\":\"https:\\\/\\\/www.mestskytrhik.sk\\\/cms\\\/mydielka-od-domky\\\/#primaryimage\"},\"thumbnailUrl\":\"https:\\\/\\\/www.mestskytrhik.sk\\\/cms\\\/wp-content\\\/uploads\\\/2022\\\/10\\\/A68A93B0-7AE2-4B46-AB8A-C03FF3BC6DA7.jpeg\",\"keywords\":[\"komunita\",\"lok\u00e1lny tvorca\",\"mestsk\u00fd trh\u00edk\",\"mydielka od domky\",\"nmnv\",\"tvorca\"],\"articleSection\":[\"Viac o trh\u00edku\"],\"inLanguage\":\"sk-SK\"},{\"@type\":\"WebPage\",\"@id\":\"https:\\\/\\\/www.mestskytrhik.sk\\\/cms\\\/mydielka-od-domky\\\/\",\"url\":\"https:\\\/\\\/www.mestskytrhik.sk\\\/cms\\\/mydielka-od-domky\\\/\",\"name\":\"Mydielka od Domky lok\u00e1lny tvorca - Mestsk\u00fd trh\u00edk\",\"isPartOf\":{\"@id\":\"https:\\\/\\\/www.mestskytrhik.sk\\\/cms\\\/#website\"},\"primaryImageOfPage\":{\"@id\":\"https:\\\/\\\/www.mestskytrhik.sk\\\/cms\\\/mydielka-od-domky\\\/#primaryimage\"},\"image\":{\"@id\":\"https:\\\/\\\/www.mestskytrhik.sk\\\/cms\\\/mydielka-od-domky\\\/#primaryimage\"},\"thumbnailUrl\":\"https:\\\/\\\/www.mestskytrhik.sk\\\/cms\\\/wp-content\\\/uploads\\\/2022\\\/10\\\/A68A93B0-7AE2-4B46-AB8A-C03FF3BC6DA7.jpeg\",\"datePublished\":\"2023-01-01T18:02:01+00:00\",\"dateModified\":\"2023-02-01T19:54:51+00:00\",\"description\":\"Zauj\u00edmav\u00e9 inform\u00e1cie zo z\u00e1kulisia tvorby Mestsk\u00e9ho trh\u00edku v Novom Meste nad V\u00e1hom, predstavenie \u00fa\u010dastn\u00edka Mydielka od Domky.\",\"breadcrumb\":{\"@id\":\"https:\\\/\\\/www.mestskytrhik.sk\\\/cms\\\/mydielka-od-domky\\\/#breadcrumb\"},\"inLanguage\":\"sk-SK\",\"potentialAction\":[{\"@type\":\"ReadAction\",\"target\":[\"https:\\\/\\\/www.mestskytrhik.sk\\\/cms\\\/mydielka-od-domky\\\/\"]}]},{\"@type\":\"ImageObject\",\"inLanguage\":\"sk-SK\",\"@id\":\"https:\\\/\\\/www.mestskytrhik.sk\\\/cms\\\/mydielka-od-domky\\\/#primaryimage\",\"url\":\"https:\\\/\\\/www.mestskytrhik.sk\\\/cms\\\/wp-content\\\/uploads\\\/2022\\\/10\\\/A68A93B0-7AE2-4B46-AB8A-C03FF3BC6DA7.jpeg\",\"contentUrl\":\"https:\\\/\\\/www.mestskytrhik.sk\\\/cms\\\/wp-content\\\/uploads\\\/2022\\\/10\\\/A68A93B0-7AE2-4B46-AB8A-C03FF3BC6DA7.jpeg\",\"width\":1080,\"height\":684,\"caption\":\"Mydielka do Domky\"},{\"@type\":\"BreadcrumbList\",\"@id\":\"https:\\\/\\\/www.mestskytrhik.sk\\\/cms\\\/mydielka-od-domky\\\/#breadcrumb\",\"itemListElement\":[{\"@type\":\"ListItem\",\"position\":1,\"name\":\"Home\",\"item\":\"https:\\\/\\\/www.mestskytrhik.sk\\\/cms\\\/\"},{\"@type\":\"ListItem\",\"position\":2,\"name\":\"Mydielka od Domky lok\u00e1lny tvorca\"}]},{\"@type\":\"WebSite\",\"@id\":\"https:\\\/\\\/www.mestskytrhik.sk\\\/cms\\\/#website\",\"url\":\"https:\\\/\\\/www.mestskytrhik.sk\\\/cms\\\/\",\"name\":\"Mestsk\u00fd trh\u00edk\",\"description\":\"o\u017eivuje verejn\u00fd priestor a podporuje lok\u00e1lnu tvorbu\",\"publisher\":{\"@id\":\"https:\\\/\\\/www.mestskytrhik.sk\\\/cms\\\/#organization\"},\"alternateName\":\"o\u017eivuje verejn\u00fd priestor a podporuje lok\u00e1lnu tvorbu\",\"potentialAction\":[{\"@type\":\"SearchAction\",\"target\":{\"@type\":\"EntryPoint\",\"urlTemplate\":\"https:\\\/\\\/www.mestskytrhik.sk\\\/cms\\\/?s={search_term_string}\"},\"query-input\":{\"@type\":\"PropertyValueSpecification\",\"valueRequired\":true,\"valueName\":\"search_term_string\"}}],\"inLanguage\":\"sk-SK\"},{\"@type\":\"Organization\",\"@id\":\"https:\\\/\\\/www.mestskytrhik.sk\\\/cms\\\/#organization\",\"name\":\"Mestsk\u00fd trh\u00edk\",\"alternateName\":\"Komunita\",\"url\":\"https:\\\/\\\/www.mestskytrhik.sk\\\/cms\\\/\",\"logo\":{\"@type\":\"ImageObject\",\"inLanguage\":\"sk-SK\",\"@id\":\"https:\\\/\\\/www.mestskytrhik.sk\\\/cms\\\/#\\\/schema\\\/logo\\\/image\\\/\",\"url\":\"https:\\\/\\\/www.mestskytrhik.sk\\\/cms\\\/wp-content\\\/uploads\\\/2024\\\/12\\\/cropped-Logo.jpg\",\"contentUrl\":\"https:\\\/\\\/www.mestskytrhik.sk\\\/cms\\\/wp-content\\\/uploads\\\/2024\\\/12\\\/cropped-Logo.jpg\",\"width\":939,\"height\":816,\"caption\":\"Mestsk\u00fd trh\u00edk\"},\"image\":{\"@id\":\"https:\\\/\\\/www.mestskytrhik.sk\\\/cms\\\/#\\\/schema\\\/logo\\\/image\\\/\"},\"sameAs\":[\"https:\\\/\\\/www.facebook.com\\\/mestskytrhik\",\"https:\\\/\\\/www.instagram.com\\\/mestsky_trhik\\\/\"]},{\"@type\":\"Person\",\"@id\":\"https:\\\/\\\/www.mestskytrhik.sk\\\/cms\\\/#\\\/schema\\\/person\\\/2b65c26fc9872ac120727069a7e2f164\",\"name\":\"Organiz\u00e1tor\",\"image\":{\"@type\":\"ImageObject\",\"inLanguage\":\"sk-SK\",\"@id\":\"https:\\\/\\\/secure.gravatar.com\\\/avatar\\\/a46de525264f284e729864f1265c334748578c5d8b51dac244bb233c993522d2?s=96&d=mm&r=g\",\"url\":\"https:\\\/\\\/secure.gravatar.com\\\/avatar\\\/a46de525264f284e729864f1265c334748578c5d8b51dac244bb233c993522d2?s=96&d=mm&r=g\",\"contentUrl\":\"https:\\\/\\\/secure.gravatar.com\\\/avatar\\\/a46de525264f284e729864f1265c334748578c5d8b51dac244bb233c993522d2?s=96&d=mm&r=g\",\"caption\":\"Organiz\u00e1tor\"},\"sameAs\":[\"https:\\\/\\\/www.mestskytrhik.sk\\\/cms\"],\"url\":\"https:\\\/\\\/www.mestskytrhik.sk\\\/cms\\\/author\\\/admin\\\/\"}]}<\/script>\n<!-- \/ Yoast SEO plugin. -->","yoast_head_json":{"title":"Mydielka od Domky lok\u00e1lny tvorca - Mestsk\u00fd trh\u00edk","description":"Zauj\u00edmav\u00e9 inform\u00e1cie zo z\u00e1kulisia tvorby Mestsk\u00e9ho trh\u00edku v Novom Meste nad V\u00e1hom, predstavenie \u00fa\u010dastn\u00edka Mydielka od Domky.","robots":{"index":"index","follow":"follow","max-snippet":"max-snippet:-1","max-image-preview":"max-image-preview:large","max-video-preview":"max-video-preview:-1"},"canonical":"https:\/\/www.mestskytrhik.sk\/cms\/mydielka-od-domky\/","og_locale":"sk_SK","og_type":"article","og_title":"Mydielka od Domky lok\u00e1lny tvorca - Mestsk\u00fd trh\u00edk","og_description":"Ru\u010dne vyr\u00e1ban\u00e9 mydielka na r\u00f4zne pr\u00edle\u017eitosti.","og_url":"https:\/\/www.mestskytrhik.sk\/cms\/mydielka-od-domky\/","og_site_name":"Mestsk\u00fd trh\u00edk","article_publisher":"https:\/\/www.facebook.com\/mestskytrhik","article_published_time":"2023-01-01T18:02:01+00:00","article_modified_time":"2023-02-01T19:54:51+00:00","og_image":[{"width":1080,"height":684,"url":"https:\/\/www.mestskytrhik.sk\/cms\/wp-content\/uploads\/2022\/10\/A68A93B0-7AE2-4B46-AB8A-C03FF3BC6DA7.jpeg","type":"image\/jpeg"}],"author":"Organiz\u00e1tor","twitter_card":"summary_large_image","twitter_misc":{"Autor":"Organiz\u00e1tor","Predpokladan\u00fd \u010das \u010d\u00edtania":"5 min\u00fat"},"schema":{"@context":"https:\/\/schema.org","@graph":[{"@type":"Article","@id":"https:\/\/www.mestskytrhik.sk\/cms\/mydielka-od-domky\/#article","isPartOf":{"@id":"https:\/\/www.mestskytrhik.sk\/cms\/mydielka-od-domky\/"},"author":{"name":"Organiz\u00e1tor","@id":"https:\/\/www.mestskytrhik.sk\/cms\/#\/schema\/person\/2b65c26fc9872ac120727069a7e2f164"},"headline":"Mydielka od Domky lok\u00e1lny tvorca","datePublished":"2023-01-01T18:02:01+00:00","dateModified":"2023-02-01T19:54:51+00:00","mainEntityOfPage":{"@id":"https:\/\/www.mestskytrhik.sk\/cms\/mydielka-od-domky\/"},"wordCount":911,"publisher":{"@id":"https:\/\/www.mestskytrhik.sk\/cms\/#organization"},"image":{"@id":"https:\/\/www.mestskytrhik.sk\/cms\/mydielka-od-domky\/#primaryimage"},"thumbnailUrl":"https:\/\/www.mestskytrhik.sk\/cms\/wp-content\/uploads\/2022\/10\/A68A93B0-7AE2-4B46-AB8A-C03FF3BC6DA7.jpeg","keywords":["komunita","lok\u00e1lny tvorca","mestsk\u00fd trh\u00edk","mydielka od domky","nmnv","tvorca"],"articleSection":["Viac o trh\u00edku"],"inLanguage":"sk-SK"},{"@type":"WebPage","@id":"https:\/\/www.mestskytrhik.sk\/cms\/mydielka-od-domky\/","url":"https:\/\/www.mestskytrhik.sk\/cms\/mydielka-od-domky\/","name":"Mydielka od Domky lok\u00e1lny tvorca - Mestsk\u00fd trh\u00edk","isPartOf":{"@id":"https:\/\/www.mestskytrhik.sk\/cms\/#website"},"primaryImageOfPage":{"@id":"https:\/\/www.mestskytrhik.sk\/cms\/mydielka-od-domky\/#primaryimage"},"image":{"@id":"https:\/\/www.mestskytrhik.sk\/cms\/mydielka-od-domky\/#primaryimage"},"thumbnailUrl":"https:\/\/www.mestskytrhik.sk\/cms\/wp-content\/uploads\/2022\/10\/A68A93B0-7AE2-4B46-AB8A-C03FF3BC6DA7.jpeg","datePublished":"2023-01-01T18:02:01+00:00","dateModified":"2023-02-01T19:54:51+00:00","description":"Zauj\u00edmav\u00e9 inform\u00e1cie zo z\u00e1kulisia tvorby Mestsk\u00e9ho trh\u00edku v Novom Meste nad V\u00e1hom, predstavenie \u00fa\u010dastn\u00edka Mydielka od Domky.","breadcrumb":{"@id":"https:\/\/www.mestskytrhik.sk\/cms\/mydielka-od-domky\/#breadcrumb"},"inLanguage":"sk-SK","potentialAction":[{"@type":"ReadAction","target":["https:\/\/www.mestskytrhik.sk\/cms\/mydielka-od-domky\/"]}]},{"@type":"ImageObject","inLanguage":"sk-SK","@id":"https:\/\/www.mestskytrhik.sk\/cms\/mydielka-od-domky\/#primaryimage","url":"https:\/\/www.mestskytrhik.sk\/cms\/wp-content\/uploads\/2022\/10\/A68A93B0-7AE2-4B46-AB8A-C03FF3BC6DA7.jpeg","contentUrl":"https:\/\/www.mestskytrhik.sk\/cms\/wp-content\/uploads\/2022\/10\/A68A93B0-7AE2-4B46-AB8A-C03FF3BC6DA7.jpeg","width":1080,"height":684,"caption":"Mydielka do Domky"},{"@type":"BreadcrumbList","@id":"https:\/\/www.mestskytrhik.sk\/cms\/mydielka-od-domky\/#breadcrumb","itemListElement":[{"@type":"ListItem","position":1,"name":"Home","item":"https:\/\/www.mestskytrhik.sk\/cms\/"},{"@type":"ListItem","position":2,"name":"Mydielka od Domky lok\u00e1lny tvorca"}]},{"@type":"WebSite","@id":"https:\/\/www.mestskytrhik.sk\/cms\/#website","url":"https:\/\/www.mestskytrhik.sk\/cms\/","name":"Mestsk\u00fd trh\u00edk","description":"o\u017eivuje verejn\u00fd priestor a podporuje lok\u00e1lnu tvorbu","publisher":{"@id":"https:\/\/www.mestskytrhik.sk\/cms\/#organization"},"alternateName":"o\u017eivuje verejn\u00fd priestor a podporuje lok\u00e1lnu tvorbu","potentialAction":[{"@type":"SearchAction","target":{"@type":"EntryPoint","urlTemplate":"https:\/\/www.mestskytrhik.sk\/cms\/?s={search_term_string}"},"query-input":{"@type":"PropertyValueSpecification","valueRequired":true,"valueName":"search_term_string"}}],"inLanguage":"sk-SK"},{"@type":"Organization","@id":"https:\/\/www.mestskytrhik.sk\/cms\/#organization","name":"Mestsk\u00fd trh\u00edk","alternateName":"Komunita","url":"https:\/\/www.mestskytrhik.sk\/cms\/","logo":{"@type":"ImageObject","inLanguage":"sk-SK","@id":"https:\/\/www.mestskytrhik.sk\/cms\/#\/schema\/logo\/image\/","url":"https:\/\/www.mestskytrhik.sk\/cms\/wp-content\/uploads\/2024\/12\/cropped-Logo.jpg","contentUrl":"https:\/\/www.mestskytrhik.sk\/cms\/wp-content\/uploads\/2024\/12\/cropped-Logo.jpg","width":939,"height":816,"caption":"Mestsk\u00fd trh\u00edk"},"image":{"@id":"https:\/\/www.mestskytrhik.sk\/cms\/#\/schema\/logo\/image\/"},"sameAs":["https:\/\/www.facebook.com\/mestskytrhik","https:\/\/www.instagram.com\/mestsky_trhik\/"]},{"@type":"Person","@id":"https:\/\/www.mestskytrhik.sk\/cms\/#\/schema\/person\/2b65c26fc9872ac120727069a7e2f164","name":"Organiz\u00e1tor","image":{"@type":"ImageObject","inLanguage":"sk-SK","@id":"https:\/\/secure.gravatar.com\/avatar\/a46de525264f284e729864f1265c334748578c5d8b51dac244bb233c993522d2?s=96&d=mm&r=g","url":"https:\/\/secure.gravatar.com\/avatar\/a46de525264f284e729864f1265c334748578c5d8b51dac244bb233c993522d2?s=96&d=mm&r=g","contentUrl":"https:\/\/secure.gravatar.com\/avatar\/a46de525264f284e729864f1265c334748578c5d8b51dac244bb233c993522d2?s=96&d=mm&r=g","caption":"Organiz\u00e1tor"},"sameAs":["https:\/\/www.mestskytrhik.sk\/cms"],"url":"https:\/\/www.mestskytrhik.sk\/cms\/author\/admin\/"}]}},"uagb_featured_image_src":{"full":["https:\/\/www.mestskytrhik.sk\/cms\/wp-content\/uploads\/2022\/10\/A68A93B0-7AE2-4B46-AB8A-C03FF3BC6DA7.jpeg",1080,684,false],"thumbnail":["https:\/\/www.mestskytrhik.sk\/cms\/wp-content\/uploads\/2022\/10\/A68A93B0-7AE2-4B46-AB8A-C03FF3BC6DA7-150x150.jpeg",150,150,true],"medium":["https:\/\/www.mestskytrhik.sk\/cms\/wp-content\/uploads\/2022\/10\/A68A93B0-7AE2-4B46-AB8A-C03FF3BC6DA7-300x190.jpeg",300,190,true],"medium_large":["https:\/\/www.mestskytrhik.sk\/cms\/wp-content\/uploads\/2022\/10\/A68A93B0-7AE2-4B46-AB8A-C03FF3BC6DA7-768x486.jpeg",580,367,true],"large":["https:\/\/www.mestskytrhik.sk\/cms\/wp-content\/uploads\/2022\/10\/A68A93B0-7AE2-4B46-AB8A-C03FF3BC6DA7-1024x649.jpeg",580,368,true],"1536x1536":["https:\/\/www.mestskytrhik.sk\/cms\/wp-content\/uploads\/2022\/10\/A68A93B0-7AE2-4B46-AB8A-C03FF3BC6DA7.jpeg",1080,684,false],"2048x2048":["https:\/\/www.mestskytrhik.sk\/cms\/wp-content\/uploads\/2022\/10\/A68A93B0-7AE2-4B46-AB8A-C03FF3BC6DA7.jpeg",1080,684,false],"post-thumbnail":["https:\/\/www.mestskytrhik.sk\/cms\/wp-content\/uploads\/2022\/10\/A68A93B0-7AE2-4B46-AB8A-C03FF3BC6DA7.jpeg",1080,684,false],"twentytwenty-fullscreen":["https:\/\/www.mestskytrhik.sk\/cms\/wp-content\/uploads\/2022\/10\/A68A93B0-7AE2-4B46-AB8A-C03FF3BC6DA7.jpeg",1080,684,false]},"uagb_author_info":{"display_name":"Organiz\u00e1tor","author_link":"https:\/\/www.mestskytrhik.sk\/cms\/author\/admin\/"},"uagb_comment_info":0,"uagb_excerpt":"Predstavenie lok\u00e1lneho tvorcu, ktor\u00fd sa z\u00fa\u010dastnil podujatia Mestsk\u00fd trh\u00edk.","_links":{"self":[{"href":"https:\/\/www.mestskytrhik.sk\/cms\/wp-json\/wp\/v2\/posts\/965","targetHints":{"allow":["GET"]}}],"collection":[{"href":"https:\/\/www.mestskytrhik.sk\/cms\/wp-json\/wp\/v2\/posts"}],"about":[{"href":"https:\/\/www.mestskytrhik.sk\/cms\/wp-json\/wp\/v2\/types\/post"}],"author":[{"embeddable":true,"href":"https:\/\/www.mestskytrhik.sk\/cms\/wp-json\/wp\/v2\/users\/1"}],"replies":[{"embeddable":true,"href":"https:\/\/www.mestskytrhik.sk\/cms\/wp-json\/wp\/v2\/comments?post=965"}],"version-history":[{"count":6,"href":"https:\/\/www.mestskytrhik.sk\/cms\/wp-json\/wp\/v2\/posts\/965\/revisions"}],"predecessor-version":[{"id":1198,"href":"https:\/\/www.mestskytrhik.sk\/cms\/wp-json\/wp\/v2\/posts\/965\/revisions\/1198"}],"wp:featuredmedia":[{"embeddable":true,"href":"https:\/\/www.mestskytrhik.sk\/cms\/wp-json\/wp\/v2\/media\/675"}],"wp:attachment":[{"href":"https:\/\/www.mestskytrhik.sk\/cms\/wp-json\/wp\/v2\/media?parent=965"}],"wp:term":[{"taxonomy":"category","embeddable":true,"href":"https:\/\/www.mestskytrhik.sk\/cms\/wp-json\/wp\/v2\/categories?post=965"},{"taxonomy":"post_tag","embeddable":true,"href":"https:\/\/www.mestskytrhik.sk\/cms\/wp-json\/wp\/v2\/tags?post=965"}],"curies":[{"name":"wp","href":"https:\/\/api.w.org\/{rel}","templated":true}]}}