{"id":1158,"date":"2023-01-27T19:26:52","date_gmt":"2023-01-27T18:26:52","guid":{"rendered":"https:\/\/www.mestskytrhik.sk\/cms\/?p=1158"},"modified":"2023-02-05T17:55:31","modified_gmt":"2023-02-05T16:55:31","slug":"herbushka-lokalny-tvorca","status":"publish","type":"post","link":"https:\/\/www.mestskytrhik.sk\/cms\/herbushka-lokalny-tvorca\/","title":{"rendered":"HERBUSHKA lok\u00e1lny tvorca"},"content":{"rendered":"\n<h2 class=\"has-subtle-background-color has-text-color has-larger-font-size wp-block-heading\">Lok\u00e1lny tvorca z okolia Nov\u00e9 Mesto nad V\u00e1hom, ktor\u00fd vytv\u00e1ra pr\u00edrodn\u00fa kozmetiku, pre\u010d\u00edtajte si viac&#8230;<\/h2>\n\n\n\n<pre class=\"wp-block-preformatted has-secondary-background-color has-background\"><strong>Ako vznikla zna\u010dka a kto sa za \u0148ou skr\u00fdva?<\/strong><\/pre>\n\n\n\n<ul class=\"wp-block-list\"><\/ul>\n\n\n\n<pre class=\"wp-block-preformatted\"><em>Ahojte. Vol\u00e1m sa Nikoleta a som zakladate\u013ekou zna\u010dky pr\u00edrodnej kozmetiky Herbushka. V nasleduj\u00facich riadkoch v\u00e1m pribl\u00ed\u017eim, ako som sa dostala k v\u00fdrobe pr\u00edrodnej kozmetiky. <\/em>\n\nS n\u00e1stupom na stredn\u00fa \u0161kolu sa vo mne prebudila obrovsk\u00e1 l\u00e1ska k pr\u00edrode. Za\u010dalo ma fascinova\u0165 v\u0161etko \u017eiv\u00e9, no hlavne rastlinky, ktor\u00e9 som po\u010das prech\u00e1dzok v pr\u00edrode v\u017edy obdivovala. Chcela som sa v\u0161ak dosta\u0165 hlb\u0161ie a tak som ich za\u010dala sk\u00fama\u0165. Zistila som, \u017ee rastliny, o ktor\u00fdch som si doposia\u013e myslela, \u017ee s\u00fa len burinami, v sebe ukr\u00fdvaj\u00fa obrovsk\u00fa lie\u010div\u00fa silu. Rozhodla som sa ich silu vysk\u00fa\u0161a\u0165 na vlastnej ko\u017ei a tak vznikli prv\u00e9 bylinn\u00e9 extrakty, masti\u010dky, kr\u00e9my\u2026 Uvedomila som si, \u017ee u\u017e nechcem na\u010falej pou\u017e\u00edva\u0165 toxick\u00fa syntetick\u00fa kozmetiku, tak som ju vymenila za \u010disto pr\u00edrodn\u00fa rastlinn\u00fa, ktor\u00fa som si za\u010dala aj sama vyr\u00e1ba\u0165. Tvorba bylinn\u00fdch lie\u010div a rastlinnej kozmetiky ma ve\u013emi bavila, rada som experimentovala a st\u00e1le sk\u00fa\u0161ala nov\u00e9 a nov\u00e9 veci. A ked\u017ee som skoro v\u017edy vyrobila viac ako som dok\u00e1zala sama spotrebova\u0165, nadbytok putoval medzi kamar\u00e1tov. Postupne sa mi v\u0161ak za\u010dali oz\u00fdva\u0165 \u013eudia, ktor\u00ed sa cez mojich priate\u013eov dostali k v\u00fdrobkom odo m\u0148a. Na z\u00e1klade pozit\u00edvnych reakci\u00ed okolia som zistila, \u017ee o moje produkty je z\u00e1ujem. Ve\u013ea \u013eud\u00ed chcelo vidie\u0165 moju tvorbu, tak som si postupne vytvorila facebookov\u00fa a instagramov\u00fa str\u00e1nku, na ktor\u00fdch som mohla prezentova\u0165 nie len svoje v\u00fdrobky, ale aj samotn\u00fa l\u00e1sku k pr\u00edrode a bylin\u00e1m. Nakoniec sa z m\u00f4jho hobby stalo nie\u010do, v \u010dom sa chcem na\u010falej zlep\u0161ova\u0165 a r\u00e1s\u0165. Najviac ma te\u0161ia sp\u00e4tn\u00e9 pozit\u00edvne sk\u00fasenosti, ktor\u00e9 mi \u013eudia ka\u017edodenne posielaj\u00fa. Pr\u00e1ve to je to, \u010do ma najviac pos\u00fava \u010falej a upev\u0148uje vo mne vieru, \u017ee to, \u010do tvor\u00edm m\u00e1 zmysel.<\/pre>\n\n\n\n<figure class=\"wp-block-image size-large\"><img loading=\"lazy\" decoding=\"async\" width=\"1024\" height=\"682\" src=\"https:\/\/www.mestskytrhik.sk\/cms\/wp-content\/uploads\/2023\/01\/Herbushka-2-1024x682.jpeg\" alt=\"\" class=\"wp-image-1166\" srcset=\"https:\/\/www.mestskytrhik.sk\/cms\/wp-content\/uploads\/2023\/01\/Herbushka-2-1024x682.jpeg 1024w, https:\/\/www.mestskytrhik.sk\/cms\/wp-content\/uploads\/2023\/01\/Herbushka-2-300x200.jpeg 300w, https:\/\/www.mestskytrhik.sk\/cms\/wp-content\/uploads\/2023\/01\/Herbushka-2-768x512.jpeg 768w, https:\/\/www.mestskytrhik.sk\/cms\/wp-content\/uploads\/2023\/01\/Herbushka-2-1200x800.jpeg 1200w, https:\/\/www.mestskytrhik.sk\/cms\/wp-content\/uploads\/2023\/01\/Herbushka-2.jpeg 1280w\" sizes=\"auto, (max-width: 1024px) 100vw, 1024px\" \/><\/figure>\n\n\n\n<pre class=\"wp-block-preformatted has-secondary-background-color has-background\">Ako dlho trv\u00e1 v\u00fdroba, ke\u010f\u017ee je to ru\u010dn\u00e1 pr\u00e1ca?<\/pre>\n\n\n\n<pre class=\"wp-block-preformatted\">Na prv\u00fd poh\u013ead sa m\u00f4\u017ee zda\u0165, \u017ee vyrobi\u0165 napr\u00edklad tak\u00fd \u0161amp\u00f3n alebo kr\u00e9m, nie je ve\u013emi n\u00e1ro\u010dn\u00e9. Av\u0161ak cel\u00e9mu procesu predch\u00e1dza ve\u013ek\u00e9 mno\u017estvo \u00fakonov, ktor\u00e9 je potrebn\u00e9 spravi\u0165, aby vznikol kvalitn\u00fd produkt. Recept\u00fary si vytv\u00e1ram sama, tak\u017ee samozrejme, na prvom mieste s\u00fa znalosti. Ak chcem napr\u00edklad vytvori\u0165 recept\u00faru kr\u00e9mu, ktor\u00fd lie\u010di akn\u00f3znu poko\u017eku, mus\u00edm pozna\u0165 vhodn\u00e9 oleje, bylinky \u010di ostatn\u00e9 akt\u00edvne l\u00e1tky, ktor\u00e9 s\u00fa na tak\u00fato ple\u0165 vhodn\u00e9 a z\u00e1rove\u0148 p\u00f4sobia hojivo. Potom nasleduje zostavenie recept\u00fary, kde musia by\u0165 zvolen\u00e9 spr\u00e1vne pomery pou\u017eit\u00fdch surov\u00edn. \u010co je ve\u013emi d\u00f4le\u017eit\u00e9 najm\u00e4 kv\u00f4li konzistencii, ale aj kv\u00f4li dr\u00e1\u017edivosti, preto\u017ee niektor\u00e9 l\u00e1tky, aj ke\u010f s\u00fa pr\u00edrodn\u00e9, m\u00f4\u017eu vo vy\u0161\u0161\u00edch koncentr\u00e1ci\u00e1ch poko\u017eku dr\u00e1\u017edi\u0165. Ak u\u017e je recept\u00fara zostaven\u00e1, je potrebn\u00e9 dan\u00e9 suroviny nak\u00fapi\u0165 od r\u00f4znych dod\u00e1vate\u013eov, preto\u017ee \u017eiaden dod\u00e1vate\u013e nem\u00e1 v\u017edy v\u0161etko, \u010do je k v\u00fdrobe potrebn\u00e9. Predt\u00fdm ako sa v\u0161etky potrebn\u00e9 suroviny zmie\u0161aj\u00fa dokopy, je nutn\u00e9 ich d\u00f4kladne nav\u00e1\u017ei\u0165. Nemo\u017eno zabudn\u00fa\u0165 ani na dezinfekciu priestoru a n\u00e1radia. Po namie\u0161an\u00ed kozmetiky nasleduje f\u013ea\u0161kovanie respekt\u00edve balenie do vhodn\u00fdch n\u00e1dobiek a ako posledn\u00fd proces je etiketovanie. \nKed\u017ee z ka\u017ed\u00e9ho produktu vyr\u00e1bam naraz nieko\u013eko desiatok kusov, len samotn\u00fd v\u00fdrobn\u00fd proces (bez tvorby recept\u00fary, objedn\u00e1vania a etiketovania) zaberie niekedy aj cel\u00fd de\u0148.<\/pre>\n\n\n\n<pre class=\"wp-block-preformatted has-secondary-background-color has-background\">Beriete oh\u013ead pri v\u00fdrobe aj na \u017eivotn\u00e9 prostredie?<\/pre>\n\n\n\n<pre class=\"wp-block-preformatted\">Na pr\u00edrode mi z\u00e1le\u017e\u00ed v ka\u017edom smere. Preto som sa rozhodla vyr\u00e1ba\u0165 pr\u00edrodn\u00fa kozmetiku, v ktorej pou\u017e\u00edvam len \u010disto pr\u00edrodn\u00e9 suroviny, ktor\u00fdch ve\u013ek\u00e1 \u010das\u0165 nesie certifik\u00e1t BIO kvality. V\u0161etky v\u00fdrobky bal\u00edm do sklenen\u00fdch n\u00e1dobiek a f\u013ea\u0161iek. Propagujem \"recykla\u010dn\u00fd program\", \u010do znamen\u00e1, \u017ee \u013eudia mi m\u00f4\u017eu po minut\u00ed kozmetick\u00e9ho produktu obal vr\u00e1ti\u0165, ja ho poriadne vy\u010dist\u00edm a pou\u017eijem znova. Sklo je v tomto vynikaj\u00face, preto\u017ee sa d\u00e1 opakovane pou\u017e\u00edva\u0165. Ak v\u0161ak \u010dlovek nem\u00e1 mo\u017enos\u0165 mi pr\u00e1zdny obal doru\u010di\u0165, m\u00f4\u017ee ho da\u0165 na recykl\u00e1ciu vlo\u017een\u00edm do kontajnera zelenej farby, ktor\u00fd je na to ur\u010den\u00fd.<\/pre>\n\n\n\n<figure class=\"wp-block-image size-large is-style-rounded\"><img loading=\"lazy\" decoding=\"async\" width=\"1024\" height=\"681\" src=\"https:\/\/www.mestskytrhik.sk\/cms\/wp-content\/uploads\/2023\/01\/Herbushka-1-1024x681.jpeg\" alt=\"\" class=\"wp-image-1167\" srcset=\"https:\/\/www.mestskytrhik.sk\/cms\/wp-content\/uploads\/2023\/01\/Herbushka-1-1024x681.jpeg 1024w, https:\/\/www.mestskytrhik.sk\/cms\/wp-content\/uploads\/2023\/01\/Herbushka-1-300x200.jpeg 300w, https:\/\/www.mestskytrhik.sk\/cms\/wp-content\/uploads\/2023\/01\/Herbushka-1-768x511.jpeg 768w, https:\/\/www.mestskytrhik.sk\/cms\/wp-content\/uploads\/2023\/01\/Herbushka-1-1536x1022.jpeg 1536w, https:\/\/www.mestskytrhik.sk\/cms\/wp-content\/uploads\/2023\/01\/Herbushka-1-2048x1363.jpeg 2048w, https:\/\/www.mestskytrhik.sk\/cms\/wp-content\/uploads\/2023\/01\/Herbushka-1-1200x798.jpeg 1200w, https:\/\/www.mestskytrhik.sk\/cms\/wp-content\/uploads\/2023\/01\/Herbushka-1-1980x1317.jpeg 1980w\" sizes=\"auto, (max-width: 1024px) 100vw, 1024px\" \/><\/figure>\n\n\n\n<pre class=\"wp-block-preformatted has-secondary-background-color has-background\">Odkia\u013e \u010derp\u00e1te in\u0161pir\u00e1ciu?<\/pre>\n\n\n\n<pre class=\"wp-block-preformatted\">In\u0161pir\u00e1ciu \u010derp\u00e1m najme od mojich z\u00e1kazn\u00edkov, ktor\u00fd za mnou chodia s prosbami o vytvorenie konkr\u00e9tneho produktu. Preto ma v\u017edy nakopn\u00fa a in\u0161piruj\u00fa v tom, aby som vytvorila a zaradila do svojej ponuky nov\u00fd produkt.<\/pre>\n\n\n\n<pre class=\"wp-block-preformatted has-secondary-background-color has-background\">Ktor\u00fd produkt je najob\u013e\u00fabenej\u0161\u00ed medzi z\u00e1kazn\u00edkmi?<\/pre>\n\n\n\n<pre class=\"wp-block-preformatted\">Ked\u017ee moju klientelu tvoria tak ako \u017eeny tak aj mu\u017ei, neviem \u00faplne ur\u010di\u0165, ktor\u00fd produkt je naj\u017eiadanej\u0161\u00ed. \u017dienky si ve\u013emi ob\u013e\u00fabili ple\u0165ov\u00fd kr\u00e9mik \u0160\u00edpkov\u00e1 Ru\u017eenka. \u013dudia ve\u013emi chv\u00e1lia pr\u00edrodn\u00e9 mydl\u00e1 a \u010dastokr\u00e1t mi vravia, \u017ee u\u017e ich vysk\u00fa\u0161ali ve\u013ea, ale tie odo m\u0148a im vyhovuj\u00fa najviac. Tak\u017ee ve\u013ea kr\u00e1t sa stane, \u017ee si jeden \u010dlovek vezme kludne aj 5-10 mydiel naraz. \u0160amp\u00f3ny na vlasy \u010di balzamy na pery maj\u00fa tie\u017e u\u017e ve\u013ek\u00e9 mno\u017estvo st\u00e1lych u\u017e\u00edvate\u013eov, ktor\u00ed s\u00fa s nimi ve\u013emi spokojn\u00ed.<\/pre>\n\n\n\n<h2 class=\"alignwide has-text-align-center has-subtle-background-color has-text-color wp-block-heading\">Kde sa d\u00e1 k\u00fapi\u0165 tvorba od Herbushky?<\/h2>\n\n\n\n<div class=\"wp-block-columns is-layout-flex wp-container-core-columns-is-layout-9d6595d7 wp-block-columns-is-layout-flex\">\n<div class=\"wp-block-column is-layout-flow wp-block-column-is-layout-flow\" style=\"flex-basis:100%\">\n<pre class=\"wp-block-preformatted\">Moje v\u00fdrobky si m\u00f4\u017eete na\u017eivo pozrie\u0165 na r\u00f4znych trhoch, ktor\u00e9 sa organizuj\u00fa vr\u00e1mci z\u00e1padn\u00e9ho Slovenska a teda aj na Mestskom trh\u00edku v Novom Meste nad V\u00e1hom. Online si m\u00f4\u017eete moju tvorbu pozrie\u0165 na soci\u00e1lnych sie\u0165ach a mojom webe <a href=\"https:\/\/herbushka.sk\">www.herbushka.sk<\/a><\/pre>\n<\/div>\n<\/div>\n\n\n\n<div class=\"wp-block-columns is-layout-flex wp-container-core-columns-is-layout-9d6595d7 wp-block-columns-is-layout-flex\">\n<div class=\"wp-block-column is-layout-flow wp-block-column-is-layout-flow\"><div class=\"wp-block-image\">\n<figure class=\"aligncenter size-thumbnail\"><a href=\"https:\/\/www.facebook.com\/Herbushka.prirodna.kozmetika\"><img loading=\"lazy\" decoding=\"async\" width=\"150\" height=\"150\" src=\"https:\/\/www.mestskytrhik.sk\/cms\/wp-content\/uploads\/2023\/01\/logofaceliftbielytext-150x150.png\" alt=\"\" class=\"wp-image-1160\"\/><\/a><figcaption class=\"wp-element-caption\">Facebook<\/figcaption><\/figure>\n<\/div><\/div>\n\n\n\n<div class=\"wp-block-column is-layout-flow wp-block-column-is-layout-flow\"><div class=\"wp-block-image\">\n<figure class=\"aligncenter size-thumbnail\"><a href=\"https:\/\/www.instagram.com\/herbushka_\/\"><img loading=\"lazy\" decoding=\"async\" width=\"150\" height=\"150\" src=\"https:\/\/www.mestskytrhik.sk\/cms\/wp-content\/uploads\/2023\/01\/logofaceliftbielytext-150x150.png\" alt=\"\" class=\"wp-image-1160\"\/><\/a><figcaption class=\"wp-element-caption\">Instagram<\/figcaption><\/figure>\n<\/div><\/div>\n<\/div>\n\n\n\n<blockquote class=\"wp-block-quote is-layout-flow wp-block-quote-is-layout-flow\">\n<h3 class=\"has-secondary-color has-text-color has-small-font-size wp-block-heading\">V tom \u010do rob\u00edm som sa rozhodla pos\u00fava\u0165 st\u00e1le vy\u0161\u0161ie a preto je mojim najbli\u017e\u0161\u00edm a najv\u00e4\u010d\u0161\u00edm pl\u00e1nom otvori\u0165 si v\u00e4\u010d\u0161iu v\u00fdrob\u0148u a s\u00fabe\u017ene si vytvori\u0165 eshop, cez ktor\u00fd si bud\u00fa  m\u00f4c\u0165 \u013eudia objedn\u00e1va\u0165 produkty Herbushka. Samozrejme, \u010dasom by som rada dod\u00e1vala aj do predajn\u00ed s pr\u00edrodnou kozmetikou \u010di r\u00f4znych pr\u00edrodn\u00fdch obchod\u00edkov.<\/h3>\n<\/blockquote>\n\n\n\n<pre class=\"wp-block-preformatted\">Pre\u010d\u00edtajte si blogy aj o ostatn\u00fdch tvorcoch...<\/pre>\n\n\n<ul class=\"wp-block-categories-list wp-block-categories\">\t<li class=\"cat-item cat-item-1\"><a href=\"https:\/\/www.mestskytrhik.sk\/cms\/category\/uncategorized\/\">Uncategorized<\/a>\n<\/li>\n\t<li class=\"cat-item cat-item-6\"><a href=\"https:\/\/www.mestskytrhik.sk\/cms\/category\/viac-o-trhiku\/\">Viac o trh\u00edku<\/a>\n<\/li>\n<\/ul>","protected":false},"excerpt":{"rendered":"<p>Predstavenie lok\u00e1lneho tvorcu, ktor\u00fd sa z\u00fa\u010dastnil Mestsk\u00e9ho trh\u00edku<\/p>\n","protected":false},"author":1,"featured_media":887,"comment_status":"closed","ping_status":"closed","sticky":false,"template":"","format":"standard","meta":{"_uag_custom_page_level_css":"","_monsterinsights_skip_tracking":false,"_monsterinsights_sitenote_active":false,"_monsterinsights_sitenote_note":"","_monsterinsights_sitenote_category":0,"ngg_post_thumbnail":0,"footnotes":""},"categories":[6],"tags":[17,16,8,18,19,13],"class_list":["post-1158","post","type-post","status-publish","format-standard","has-post-thumbnail","hentry","category-viac-o-trhiku","tag-komunita","tag-lokalny-tvorca","tag-mestsky-trhik","tag-nove-mesto-nad-vahom","tag-prirodna-kozmetika","tag-tvorca"],"yoast_head":"<!-- This site is optimized with the Yoast SEO plugin v27.5 - https:\/\/yoast.com\/product\/yoast-seo-wordpress\/ -->\n<title>HERBUSHKA lok\u00e1lny tvorca - Mestsk\u00fd trh\u00edk<\/title>\n<meta name=\"description\" content=\"Zauj\u00edmav\u00e9 inform\u00e1cie zo z\u00e1kulisia tvorby Mestsk\u00e9ho trh\u00edku v Novom Meste nad V\u00e1hom, predstavenie zna\u010dky HERBUSHKA lok\u00e1lny tvorca.\" \/>\n<meta name=\"robots\" content=\"index, follow, max-snippet:-1, max-image-preview:large, max-video-preview:-1\" \/>\n<link rel=\"canonical\" href=\"https:\/\/www.mestskytrhik.sk\/cms\/herbushka-lokalny-tvorca\/\" \/>\n<meta property=\"og:locale\" content=\"sk_SK\" \/>\n<meta property=\"og:type\" content=\"article\" \/>\n<meta property=\"og:title\" content=\"HERBUSHKA lok\u00e1lny tvorca - Mestsk\u00fd trh\u00edk\" \/>\n<meta property=\"og:description\" content=\"Zauj\u00edmav\u00e9 inform\u00e1cie zo z\u00e1kulisia tvorby Mestsk\u00e9ho trh\u00edku v Novom Meste nad V\u00e1hom, predstavenie zna\u010dky HERBUSHKA lok\u00e1lny tvorca.\" \/>\n<meta property=\"og:url\" content=\"https:\/\/www.mestskytrhik.sk\/cms\/herbushka-lokalny-tvorca\/\" \/>\n<meta property=\"og:site_name\" content=\"Mestsk\u00fd trh\u00edk\" \/>\n<meta property=\"article:publisher\" content=\"https:\/\/www.facebook.com\/mestskytrhik\" \/>\n<meta property=\"article:published_time\" content=\"2023-01-27T18:26:52+00:00\" \/>\n<meta property=\"article:modified_time\" content=\"2023-02-05T16:55:31+00:00\" \/>\n<meta property=\"og:image\" content=\"https:\/\/www.mestskytrhik.sk\/cms\/wp-content\/uploads\/2022\/12\/296179034_732218084867176_7780507113305587841_n-e1674253404485.jpg\" \/>\n\t<meta property=\"og:image:width\" content=\"1439\" \/>\n\t<meta property=\"og:image:height\" content=\"1184\" \/>\n\t<meta property=\"og:image:type\" content=\"image\/jpeg\" \/>\n<meta name=\"author\" content=\"Organiz\u00e1tor\" \/>\n<meta name=\"twitter:card\" content=\"summary_large_image\" \/>\n<meta name=\"twitter:label1\" content=\"Autor\" \/>\n\t<meta name=\"twitter:data1\" content=\"Organiz\u00e1tor\" \/>\n\t<meta name=\"twitter:label2\" content=\"Predpokladan\u00fd \u010das \u010d\u00edtania\" \/>\n\t<meta name=\"twitter:data2\" content=\"6 min\u00fat\" \/>\n<script type=\"application\/ld+json\" class=\"yoast-schema-graph\">{\"@context\":\"https:\\\/\\\/schema.org\",\"@graph\":[{\"@type\":\"Article\",\"@id\":\"https:\\\/\\\/www.mestskytrhik.sk\\\/cms\\\/herbushka-lokalny-tvorca\\\/#article\",\"isPartOf\":{\"@id\":\"https:\\\/\\\/www.mestskytrhik.sk\\\/cms\\\/herbushka-lokalny-tvorca\\\/\"},\"author\":{\"name\":\"Organiz\u00e1tor\",\"@id\":\"https:\\\/\\\/www.mestskytrhik.sk\\\/cms\\\/#\\\/schema\\\/person\\\/2b65c26fc9872ac120727069a7e2f164\"},\"headline\":\"HERBUSHKA lok\u00e1lny tvorca\",\"datePublished\":\"2023-01-27T18:26:52+00:00\",\"dateModified\":\"2023-02-05T16:55:31+00:00\",\"mainEntityOfPage\":{\"@id\":\"https:\\\/\\\/www.mestskytrhik.sk\\\/cms\\\/herbushka-lokalny-tvorca\\\/\"},\"wordCount\":106,\"publisher\":{\"@id\":\"https:\\\/\\\/www.mestskytrhik.sk\\\/cms\\\/#organization\"},\"image\":{\"@id\":\"https:\\\/\\\/www.mestskytrhik.sk\\\/cms\\\/herbushka-lokalny-tvorca\\\/#primaryimage\"},\"thumbnailUrl\":\"https:\\\/\\\/www.mestskytrhik.sk\\\/cms\\\/wp-content\\\/uploads\\\/2022\\\/12\\\/296179034_732218084867176_7780507113305587841_n-e1674253404485.jpg\",\"keywords\":[\"komunita\",\"lok\u00e1lny tvorca\",\"mestsk\u00fd trh\u00edk\",\"nov\u00e9 mesto nad v\u00e1hom\",\"pr\u00edrodn\u00e1 kozmetika\",\"tvorca\"],\"articleSection\":[\"Viac o trh\u00edku\"],\"inLanguage\":\"sk-SK\"},{\"@type\":\"WebPage\",\"@id\":\"https:\\\/\\\/www.mestskytrhik.sk\\\/cms\\\/herbushka-lokalny-tvorca\\\/\",\"url\":\"https:\\\/\\\/www.mestskytrhik.sk\\\/cms\\\/herbushka-lokalny-tvorca\\\/\",\"name\":\"HERBUSHKA lok\u00e1lny tvorca - Mestsk\u00fd trh\u00edk\",\"isPartOf\":{\"@id\":\"https:\\\/\\\/www.mestskytrhik.sk\\\/cms\\\/#website\"},\"primaryImageOfPage\":{\"@id\":\"https:\\\/\\\/www.mestskytrhik.sk\\\/cms\\\/herbushka-lokalny-tvorca\\\/#primaryimage\"},\"image\":{\"@id\":\"https:\\\/\\\/www.mestskytrhik.sk\\\/cms\\\/herbushka-lokalny-tvorca\\\/#primaryimage\"},\"thumbnailUrl\":\"https:\\\/\\\/www.mestskytrhik.sk\\\/cms\\\/wp-content\\\/uploads\\\/2022\\\/12\\\/296179034_732218084867176_7780507113305587841_n-e1674253404485.jpg\",\"datePublished\":\"2023-01-27T18:26:52+00:00\",\"dateModified\":\"2023-02-05T16:55:31+00:00\",\"description\":\"Zauj\u00edmav\u00e9 inform\u00e1cie zo z\u00e1kulisia tvorby Mestsk\u00e9ho trh\u00edku v Novom Meste nad V\u00e1hom, predstavenie zna\u010dky HERBUSHKA lok\u00e1lny tvorca.\",\"breadcrumb\":{\"@id\":\"https:\\\/\\\/www.mestskytrhik.sk\\\/cms\\\/herbushka-lokalny-tvorca\\\/#breadcrumb\"},\"inLanguage\":\"sk-SK\",\"potentialAction\":[{\"@type\":\"ReadAction\",\"target\":[\"https:\\\/\\\/www.mestskytrhik.sk\\\/cms\\\/herbushka-lokalny-tvorca\\\/\"]}]},{\"@type\":\"ImageObject\",\"inLanguage\":\"sk-SK\",\"@id\":\"https:\\\/\\\/www.mestskytrhik.sk\\\/cms\\\/herbushka-lokalny-tvorca\\\/#primaryimage\",\"url\":\"https:\\\/\\\/www.mestskytrhik.sk\\\/cms\\\/wp-content\\\/uploads\\\/2022\\\/12\\\/296179034_732218084867176_7780507113305587841_n-e1674253404485.jpg\",\"contentUrl\":\"https:\\\/\\\/www.mestskytrhik.sk\\\/cms\\\/wp-content\\\/uploads\\\/2022\\\/12\\\/296179034_732218084867176_7780507113305587841_n-e1674253404485.jpg\",\"width\":1439,\"height\":1184},{\"@type\":\"BreadcrumbList\",\"@id\":\"https:\\\/\\\/www.mestskytrhik.sk\\\/cms\\\/herbushka-lokalny-tvorca\\\/#breadcrumb\",\"itemListElement\":[{\"@type\":\"ListItem\",\"position\":1,\"name\":\"Home\",\"item\":\"https:\\\/\\\/www.mestskytrhik.sk\\\/cms\\\/\"},{\"@type\":\"ListItem\",\"position\":2,\"name\":\"HERBUSHKA lok\u00e1lny tvorca\"}]},{\"@type\":\"WebSite\",\"@id\":\"https:\\\/\\\/www.mestskytrhik.sk\\\/cms\\\/#website\",\"url\":\"https:\\\/\\\/www.mestskytrhik.sk\\\/cms\\\/\",\"name\":\"Mestsk\u00fd trh\u00edk\",\"description\":\"o\u017eivuje verejn\u00fd priestor a podporuje lok\u00e1lnu tvorbu\",\"publisher\":{\"@id\":\"https:\\\/\\\/www.mestskytrhik.sk\\\/cms\\\/#organization\"},\"alternateName\":\"o\u017eivuje verejn\u00fd priestor a podporuje lok\u00e1lnu tvorbu\",\"potentialAction\":[{\"@type\":\"SearchAction\",\"target\":{\"@type\":\"EntryPoint\",\"urlTemplate\":\"https:\\\/\\\/www.mestskytrhik.sk\\\/cms\\\/?s={search_term_string}\"},\"query-input\":{\"@type\":\"PropertyValueSpecification\",\"valueRequired\":true,\"valueName\":\"search_term_string\"}}],\"inLanguage\":\"sk-SK\"},{\"@type\":\"Organization\",\"@id\":\"https:\\\/\\\/www.mestskytrhik.sk\\\/cms\\\/#organization\",\"name\":\"Mestsk\u00fd trh\u00edk\",\"alternateName\":\"Komunita\",\"url\":\"https:\\\/\\\/www.mestskytrhik.sk\\\/cms\\\/\",\"logo\":{\"@type\":\"ImageObject\",\"inLanguage\":\"sk-SK\",\"@id\":\"https:\\\/\\\/www.mestskytrhik.sk\\\/cms\\\/#\\\/schema\\\/logo\\\/image\\\/\",\"url\":\"https:\\\/\\\/www.mestskytrhik.sk\\\/cms\\\/wp-content\\\/uploads\\\/2024\\\/12\\\/cropped-Logo.jpg\",\"contentUrl\":\"https:\\\/\\\/www.mestskytrhik.sk\\\/cms\\\/wp-content\\\/uploads\\\/2024\\\/12\\\/cropped-Logo.jpg\",\"width\":939,\"height\":816,\"caption\":\"Mestsk\u00fd trh\u00edk\"},\"image\":{\"@id\":\"https:\\\/\\\/www.mestskytrhik.sk\\\/cms\\\/#\\\/schema\\\/logo\\\/image\\\/\"},\"sameAs\":[\"https:\\\/\\\/www.facebook.com\\\/mestskytrhik\",\"https:\\\/\\\/www.instagram.com\\\/mestsky_trhik\\\/\"]},{\"@type\":\"Person\",\"@id\":\"https:\\\/\\\/www.mestskytrhik.sk\\\/cms\\\/#\\\/schema\\\/person\\\/2b65c26fc9872ac120727069a7e2f164\",\"name\":\"Organiz\u00e1tor\",\"image\":{\"@type\":\"ImageObject\",\"inLanguage\":\"sk-SK\",\"@id\":\"https:\\\/\\\/secure.gravatar.com\\\/avatar\\\/a46de525264f284e729864f1265c334748578c5d8b51dac244bb233c993522d2?s=96&d=mm&r=g\",\"url\":\"https:\\\/\\\/secure.gravatar.com\\\/avatar\\\/a46de525264f284e729864f1265c334748578c5d8b51dac244bb233c993522d2?s=96&d=mm&r=g\",\"contentUrl\":\"https:\\\/\\\/secure.gravatar.com\\\/avatar\\\/a46de525264f284e729864f1265c334748578c5d8b51dac244bb233c993522d2?s=96&d=mm&r=g\",\"caption\":\"Organiz\u00e1tor\"},\"sameAs\":[\"https:\\\/\\\/www.mestskytrhik.sk\\\/cms\"],\"url\":\"https:\\\/\\\/www.mestskytrhik.sk\\\/cms\\\/author\\\/admin\\\/\"}]}<\/script>\n<!-- \/ Yoast SEO plugin. -->","yoast_head_json":{"title":"HERBUSHKA lok\u00e1lny tvorca - Mestsk\u00fd trh\u00edk","description":"Zauj\u00edmav\u00e9 inform\u00e1cie zo z\u00e1kulisia tvorby Mestsk\u00e9ho trh\u00edku v Novom Meste nad V\u00e1hom, predstavenie zna\u010dky HERBUSHKA lok\u00e1lny tvorca.","robots":{"index":"index","follow":"follow","max-snippet":"max-snippet:-1","max-image-preview":"max-image-preview:large","max-video-preview":"max-video-preview:-1"},"canonical":"https:\/\/www.mestskytrhik.sk\/cms\/herbushka-lokalny-tvorca\/","og_locale":"sk_SK","og_type":"article","og_title":"HERBUSHKA lok\u00e1lny tvorca - Mestsk\u00fd trh\u00edk","og_description":"Zauj\u00edmav\u00e9 inform\u00e1cie zo z\u00e1kulisia tvorby Mestsk\u00e9ho trh\u00edku v Novom Meste nad V\u00e1hom, predstavenie zna\u010dky HERBUSHKA lok\u00e1lny tvorca.","og_url":"https:\/\/www.mestskytrhik.sk\/cms\/herbushka-lokalny-tvorca\/","og_site_name":"Mestsk\u00fd trh\u00edk","article_publisher":"https:\/\/www.facebook.com\/mestskytrhik","article_published_time":"2023-01-27T18:26:52+00:00","article_modified_time":"2023-02-05T16:55:31+00:00","og_image":[{"width":1439,"height":1184,"url":"https:\/\/www.mestskytrhik.sk\/cms\/wp-content\/uploads\/2022\/12\/296179034_732218084867176_7780507113305587841_n-e1674253404485.jpg","type":"image\/jpeg"}],"author":"Organiz\u00e1tor","twitter_card":"summary_large_image","twitter_misc":{"Autor":"Organiz\u00e1tor","Predpokladan\u00fd \u010das \u010d\u00edtania":"6 min\u00fat"},"schema":{"@context":"https:\/\/schema.org","@graph":[{"@type":"Article","@id":"https:\/\/www.mestskytrhik.sk\/cms\/herbushka-lokalny-tvorca\/#article","isPartOf":{"@id":"https:\/\/www.mestskytrhik.sk\/cms\/herbushka-lokalny-tvorca\/"},"author":{"name":"Organiz\u00e1tor","@id":"https:\/\/www.mestskytrhik.sk\/cms\/#\/schema\/person\/2b65c26fc9872ac120727069a7e2f164"},"headline":"HERBUSHKA lok\u00e1lny tvorca","datePublished":"2023-01-27T18:26:52+00:00","dateModified":"2023-02-05T16:55:31+00:00","mainEntityOfPage":{"@id":"https:\/\/www.mestskytrhik.sk\/cms\/herbushka-lokalny-tvorca\/"},"wordCount":106,"publisher":{"@id":"https:\/\/www.mestskytrhik.sk\/cms\/#organization"},"image":{"@id":"https:\/\/www.mestskytrhik.sk\/cms\/herbushka-lokalny-tvorca\/#primaryimage"},"thumbnailUrl":"https:\/\/www.mestskytrhik.sk\/cms\/wp-content\/uploads\/2022\/12\/296179034_732218084867176_7780507113305587841_n-e1674253404485.jpg","keywords":["komunita","lok\u00e1lny tvorca","mestsk\u00fd trh\u00edk","nov\u00e9 mesto nad v\u00e1hom","pr\u00edrodn\u00e1 kozmetika","tvorca"],"articleSection":["Viac o trh\u00edku"],"inLanguage":"sk-SK"},{"@type":"WebPage","@id":"https:\/\/www.mestskytrhik.sk\/cms\/herbushka-lokalny-tvorca\/","url":"https:\/\/www.mestskytrhik.sk\/cms\/herbushka-lokalny-tvorca\/","name":"HERBUSHKA lok\u00e1lny tvorca - Mestsk\u00fd trh\u00edk","isPartOf":{"@id":"https:\/\/www.mestskytrhik.sk\/cms\/#website"},"primaryImageOfPage":{"@id":"https:\/\/www.mestskytrhik.sk\/cms\/herbushka-lokalny-tvorca\/#primaryimage"},"image":{"@id":"https:\/\/www.mestskytrhik.sk\/cms\/herbushka-lokalny-tvorca\/#primaryimage"},"thumbnailUrl":"https:\/\/www.mestskytrhik.sk\/cms\/wp-content\/uploads\/2022\/12\/296179034_732218084867176_7780507113305587841_n-e1674253404485.jpg","datePublished":"2023-01-27T18:26:52+00:00","dateModified":"2023-02-05T16:55:31+00:00","description":"Zauj\u00edmav\u00e9 inform\u00e1cie zo z\u00e1kulisia tvorby Mestsk\u00e9ho trh\u00edku v Novom Meste nad V\u00e1hom, predstavenie zna\u010dky HERBUSHKA lok\u00e1lny tvorca.","breadcrumb":{"@id":"https:\/\/www.mestskytrhik.sk\/cms\/herbushka-lokalny-tvorca\/#breadcrumb"},"inLanguage":"sk-SK","potentialAction":[{"@type":"ReadAction","target":["https:\/\/www.mestskytrhik.sk\/cms\/herbushka-lokalny-tvorca\/"]}]},{"@type":"ImageObject","inLanguage":"sk-SK","@id":"https:\/\/www.mestskytrhik.sk\/cms\/herbushka-lokalny-tvorca\/#primaryimage","url":"https:\/\/www.mestskytrhik.sk\/cms\/wp-content\/uploads\/2022\/12\/296179034_732218084867176_7780507113305587841_n-e1674253404485.jpg","contentUrl":"https:\/\/www.mestskytrhik.sk\/cms\/wp-content\/uploads\/2022\/12\/296179034_732218084867176_7780507113305587841_n-e1674253404485.jpg","width":1439,"height":1184},{"@type":"BreadcrumbList","@id":"https:\/\/www.mestskytrhik.sk\/cms\/herbushka-lokalny-tvorca\/#breadcrumb","itemListElement":[{"@type":"ListItem","position":1,"name":"Home","item":"https:\/\/www.mestskytrhik.sk\/cms\/"},{"@type":"ListItem","position":2,"name":"HERBUSHKA lok\u00e1lny tvorca"}]},{"@type":"WebSite","@id":"https:\/\/www.mestskytrhik.sk\/cms\/#website","url":"https:\/\/www.mestskytrhik.sk\/cms\/","name":"Mestsk\u00fd trh\u00edk","description":"o\u017eivuje verejn\u00fd priestor a podporuje lok\u00e1lnu tvorbu","publisher":{"@id":"https:\/\/www.mestskytrhik.sk\/cms\/#organization"},"alternateName":"o\u017eivuje verejn\u00fd priestor a podporuje lok\u00e1lnu tvorbu","potentialAction":[{"@type":"SearchAction","target":{"@type":"EntryPoint","urlTemplate":"https:\/\/www.mestskytrhik.sk\/cms\/?s={search_term_string}"},"query-input":{"@type":"PropertyValueSpecification","valueRequired":true,"valueName":"search_term_string"}}],"inLanguage":"sk-SK"},{"@type":"Organization","@id":"https:\/\/www.mestskytrhik.sk\/cms\/#organization","name":"Mestsk\u00fd trh\u00edk","alternateName":"Komunita","url":"https:\/\/www.mestskytrhik.sk\/cms\/","logo":{"@type":"ImageObject","inLanguage":"sk-SK","@id":"https:\/\/www.mestskytrhik.sk\/cms\/#\/schema\/logo\/image\/","url":"https:\/\/www.mestskytrhik.sk\/cms\/wp-content\/uploads\/2024\/12\/cropped-Logo.jpg","contentUrl":"https:\/\/www.mestskytrhik.sk\/cms\/wp-content\/uploads\/2024\/12\/cropped-Logo.jpg","width":939,"height":816,"caption":"Mestsk\u00fd trh\u00edk"},"image":{"@id":"https:\/\/www.mestskytrhik.sk\/cms\/#\/schema\/logo\/image\/"},"sameAs":["https:\/\/www.facebook.com\/mestskytrhik","https:\/\/www.instagram.com\/mestsky_trhik\/"]},{"@type":"Person","@id":"https:\/\/www.mestskytrhik.sk\/cms\/#\/schema\/person\/2b65c26fc9872ac120727069a7e2f164","name":"Organiz\u00e1tor","image":{"@type":"ImageObject","inLanguage":"sk-SK","@id":"https:\/\/secure.gravatar.com\/avatar\/a46de525264f284e729864f1265c334748578c5d8b51dac244bb233c993522d2?s=96&d=mm&r=g","url":"https:\/\/secure.gravatar.com\/avatar\/a46de525264f284e729864f1265c334748578c5d8b51dac244bb233c993522d2?s=96&d=mm&r=g","contentUrl":"https:\/\/secure.gravatar.com\/avatar\/a46de525264f284e729864f1265c334748578c5d8b51dac244bb233c993522d2?s=96&d=mm&r=g","caption":"Organiz\u00e1tor"},"sameAs":["https:\/\/www.mestskytrhik.sk\/cms"],"url":"https:\/\/www.mestskytrhik.sk\/cms\/author\/admin\/"}]}},"uagb_featured_image_src":{"full":["https:\/\/www.mestskytrhik.sk\/cms\/wp-content\/uploads\/2022\/12\/296179034_732218084867176_7780507113305587841_n-e1674253404485.jpg",1439,1184,false],"thumbnail":["https:\/\/www.mestskytrhik.sk\/cms\/wp-content\/uploads\/2022\/12\/296179034_732218084867176_7780507113305587841_n-e1674253404485-150x150.jpg",150,150,true],"medium":["https:\/\/www.mestskytrhik.sk\/cms\/wp-content\/uploads\/2022\/12\/296179034_732218084867176_7780507113305587841_n-e1674253404485-300x247.jpg",300,247,true],"medium_large":["https:\/\/www.mestskytrhik.sk\/cms\/wp-content\/uploads\/2022\/12\/296179034_732218084867176_7780507113305587841_n-e1674253404485-768x632.jpg",580,477,true],"large":["https:\/\/www.mestskytrhik.sk\/cms\/wp-content\/uploads\/2022\/12\/296179034_732218084867176_7780507113305587841_n-e1674253404485-1024x843.jpg",580,477,true],"1536x1536":["https:\/\/www.mestskytrhik.sk\/cms\/wp-content\/uploads\/2022\/12\/296179034_732218084867176_7780507113305587841_n-e1674253404485.jpg",1439,1184,false],"2048x2048":["https:\/\/www.mestskytrhik.sk\/cms\/wp-content\/uploads\/2022\/12\/296179034_732218084867176_7780507113305587841_n-e1674253404485.jpg",1439,1184,false],"post-thumbnail":["https:\/\/www.mestskytrhik.sk\/cms\/wp-content\/uploads\/2022\/12\/296179034_732218084867176_7780507113305587841_n-e1674253404485-1200x987.jpg",1200,987,true],"twentytwenty-fullscreen":["https:\/\/www.mestskytrhik.sk\/cms\/wp-content\/uploads\/2022\/12\/296179034_732218084867176_7780507113305587841_n-e1674253404485.jpg",1439,1184,false]},"uagb_author_info":{"display_name":"Organiz\u00e1tor","author_link":"https:\/\/www.mestskytrhik.sk\/cms\/author\/admin\/"},"uagb_comment_info":0,"uagb_excerpt":"Predstavenie lok\u00e1lneho tvorcu, ktor\u00fd sa z\u00fa\u010dastnil Mestsk\u00e9ho trh\u00edku","_links":{"self":[{"href":"https:\/\/www.mestskytrhik.sk\/cms\/wp-json\/wp\/v2\/posts\/1158","targetHints":{"allow":["GET"]}}],"collection":[{"href":"https:\/\/www.mestskytrhik.sk\/cms\/wp-json\/wp\/v2\/posts"}],"about":[{"href":"https:\/\/www.mestskytrhik.sk\/cms\/wp-json\/wp\/v2\/types\/post"}],"author":[{"embeddable":true,"href":"https:\/\/www.mestskytrhik.sk\/cms\/wp-json\/wp\/v2\/users\/1"}],"replies":[{"embeddable":true,"href":"https:\/\/www.mestskytrhik.sk\/cms\/wp-json\/wp\/v2\/comments?post=1158"}],"version-history":[{"count":7,"href":"https:\/\/www.mestskytrhik.sk\/cms\/wp-json\/wp\/v2\/posts\/1158\/revisions"}],"predecessor-version":[{"id":1203,"href":"https:\/\/www.mestskytrhik.sk\/cms\/wp-json\/wp\/v2\/posts\/1158\/revisions\/1203"}],"wp:featuredmedia":[{"embeddable":true,"href":"https:\/\/www.mestskytrhik.sk\/cms\/wp-json\/wp\/v2\/media\/887"}],"wp:attachment":[{"href":"https:\/\/www.mestskytrhik.sk\/cms\/wp-json\/wp\/v2\/media?parent=1158"}],"wp:term":[{"taxonomy":"category","embeddable":true,"href":"https:\/\/www.mestskytrhik.sk\/cms\/wp-json\/wp\/v2\/categories?post=1158"},{"taxonomy":"post_tag","embeddable":true,"href":"https:\/\/www.mestskytrhik.sk\/cms\/wp-json\/wp\/v2\/tags?post=1158"}],"curies":[{"name":"wp","href":"https:\/\/api.w.org\/{rel}","templated":true}]}}